{"id":1030,"date":"2026-01-19T13:00:21","date_gmt":"2026-01-19T12:00:21","guid":{"rendered":"https:\/\/www.egzaminradcowski.pl\/?p=1030"},"modified":"2026-01-27T12:23:02","modified_gmt":"2026-01-27T11:23:02","slug":"ogloszenie-o-egzaminie-radcowskim-w-2026-r","status":"publish","type":"post","link":"https:\/\/www.egzaminradcowski.pl\/?p=1030","title":{"rendered":"Og\u0142oszenie o egzaminie radcowskim w 2026 r."},"content":{"rendered":"\n<p>Minister Sprawiedliwo\u015bci na podstawie art. 36(1) ust. 9 i art. 36(2) ust. 1 ustawy z dnia 6 lipca 1982 r. o radcach prawnych (Dz. U. z 2024 r. poz. 599, z p\u00f3\u017an. zm.) w porozumieniu z Krajow\u0105 Rad\u0105 Radc\u00f3w Prawnych wyznaczy\u0142 termin egzaminu radcowskiego na dzie\u0144:<\/p>\n\n\n\n<ul class=\"wp-block-list\">\n<li>2<strong>1 kwietnia 2026 r. godz. 10.00 <\/strong>\u2013 cz\u0119\u015b\u0107 pierwsza, obejmuj\u0105ca rozwi\u0105zanie zadania z&nbsp;zakresu prawa karnego,<\/li>\n<\/ul>\n\n\n\n<ul class=\"wp-block-list\">\n<li>2<strong>2 kwietnia 2026 r. godz. 10.00 <\/strong>\u2013 cz\u0119\u015b\u0107 druga, obejmuj\u0105ca rozwi\u0105zanie zadania z zakresu prawa cywilnego lub rodzinnego,<\/li>\n<\/ul>\n\n\n\n<ul class=\"wp-block-list\">\n<li>2<strong>3 kwietnia 2026 r. godz. 10.00 <\/strong>\u2013 cz\u0119\u015b\u0107 trzecia, obejmuj\u0105ca rozwi\u0105zanie zadania z zakresu prawa gospodarczego oraz<\/li>\n<\/ul>\n\n\n\n<ul class=\"wp-block-list\">\n<li>2<strong>4 kwietnia 2026 r.<\/strong> <strong>godz. 10.00<\/strong> \u2013 cz\u0119\u015b\u0107 czwarta i pi\u0105ta, obejmuj\u0105ca rozwi\u0105zanie zada\u0144 z zakresu prawa administracyjnego i z zakresu zasad wykonywania zawodu lub zasad etyki.<\/li>\n<\/ul>\n\n\n\n<p>Pe\u0142na tre\u015b\u0107 og\u0142oszenia Ministra znajduje si\u0119 na stronie: <a href=\"https:\/\/www.gov.pl\/web\/sprawiedliwosc\/ogloszenie-o-egzaminie-radcowskim-w-2026-r\">https:\/\/www.gov.pl\/web\/sprawiedliwosc\/ogloszenie-o-egzaminie-radcowskim-w-2026-r<\/a><\/p>\n","protected":false},"excerpt":{"rendered":"<p>Minister Sprawiedliwo\u015bci na podstawie art. 36(1) ust. 9 i art. 36(2) ust. 1 ustawy z dnia 6 lipca 1982 r. o radcach prawnych (Dz. U. z 2024 r. poz. 599, z p\u00f3\u017an. zm.) w porozumieniu z Krajow\u0105 Rad\u0105 Radc\u00f3w Prawnych wyznaczy\u0142 termin egzaminu radcowskiego na dzie\u0144: Pe\u0142na tre\u015b\u0107 og\u0142oszenia Ministra znajduje si\u0119 na stronie: https:\/\/www.gov.pl\/web\/sprawiedliwosc\/ogloszenie-o-egzaminie-radcowskim-w-2026-r<\/p>\n","protected":false},"author":7,"featured_media":0,"comment_status":"closed","ping_status":"closed","sticky":false,"template":"","format":"standard","meta":{"footnotes":""},"categories":[2],"tags":[],"class_list":["post-1030","post","type-post","status-publish","format-standard","hentry","category-aktualnosci"],"_links":{"self":[{"href":"https:\/\/www.egzaminradcowski.pl\/index.php?rest_route=\/wp\/v2\/posts\/1030","targetHints":{"allow":["GET"]}}],"collection":[{"href":"https:\/\/www.egzaminradcowski.pl\/index.php?rest_route=\/wp\/v2\/posts"}],"about":[{"href":"https:\/\/www.egzaminradcowski.pl\/index.php?rest_route=\/wp\/v2\/types\/post"}],"author":[{"embeddable":true,"href":"https:\/\/www.egzaminradcowski.pl\/index.php?rest_route=\/wp\/v2\/users\/7"}],"replies":[{"embeddable":true,"href":"https:\/\/www.egzaminradcowski.pl\/index.php?rest_route=%2Fwp%2Fv2%2Fcomments&post=1030"}],"version-history":[{"count":1,"href":"https:\/\/www.egzaminradcowski.pl\/index.php?rest_route=\/wp\/v2\/posts\/1030\/revisions"}],"predecessor-version":[{"id":1031,"href":"https:\/\/www.egzaminradcowski.pl\/index.php?rest_route=\/wp\/v2\/posts\/1030\/revisions\/1031"}],"wp:attachment":[{"href":"https:\/\/www.egzaminradcowski.pl\/index.php?rest_route=%2Fwp%2Fv2%2Fmedia&parent=1030"}],"wp:term":[{"taxonomy":"category","embeddable":true,"href":"https:\/\/www.egzaminradcowski.pl\/index.php?rest_route=%2Fwp%2Fv2%2Fcategories&post=1030"},{"taxonomy":"post_tag","embeddable":true,"href":"https:\/\/www.egzaminradcowski.pl\/index.php?rest_route=%2Fwp%2Fv2%2Ftags&post=1030"}],"curies":[{"name":"wp","href":"https:\/\/api.w.org\/{rel}","templated":true}]}}