{"id":1038,"date":"2026-01-27T12:19:35","date_gmt":"2026-01-27T11:19:35","guid":{"rendered":"https:\/\/www.egzaminradcowski.pl\/?p=1038"},"modified":"2026-02-23T12:49:05","modified_gmt":"2026-02-23T11:49:05","slug":"termin-i-miejsce-skladania-dokumentow-2","status":"publish","type":"post","link":"https:\/\/www.egzaminradcowski.pl\/?p=1038","title":{"rendered":"Termin i miejsce sk\u0142adania dokument\u00f3w"},"content":{"rendered":"\n<p>Wnioski o dopuszczenie do egzaminu radcowskiego wraz z wymaganymi dokumentami nale\u017cy sk\u0142ada\u0107 w terminach:<\/p>\n\n\n\n<ul class=\"wp-block-list\">\n<li>do&nbsp;<strong>7 marca 2026 r.<\/strong>&nbsp;(sobota) \u2013 osoby, o kt\u00f3rych mowa w&nbsp;<strong>art. 25 ust. 2<\/strong>&nbsp;ustawy o radcach prawnych w siedzibie komisji w\u0142a\u015bciwej ze wzgl\u0119du na miejsce zamieszkania osoby uprawnionej (zgodnie z art. 57 \u00a7 4 ustawy z dnia 14 czerwca 1960 r. \u2013 Kodeks post\u0119powania administracyjnego (Dz. U. z 2025 r. poz. 1691), je\u017celi koniec terminu do wykonania czynno\u015bci przypada na dzie\u0144 uznany ustawowo za wolny od pracy lub na sobot\u0119, termin up\u0142ywa nast\u0119pnego dnia, kt\u00f3ry nie jest dniem wolnym od pracy ani sobot\u0105). Dokumenty&nbsp;<strong>nale\u017cy z\u0142o\u017cy\u0107<\/strong>&nbsp;<strong>osobi\u015bcie<\/strong>&nbsp;w Dziale Aplikacji, ul. \u017bytnia 15 lok. 8 (parter), w godz. 9.00 \u2013 16.00,&nbsp;<strong>ewentualnie przes\u0142a\u0107 poczt\u0105<\/strong>&nbsp;na adres: ul. \u017bytnia 15 lok. 16, 01-014 Warszawa,<\/li>\n\n\n\n<li>do&nbsp;<strong>31 marca 2026 r.<\/strong>&nbsp;(wtorek) \u2013 osoby, kt\u00f3re&nbsp;<strong>odby\u0142y aplikacj\u0119 radcowsk\u0105&nbsp;<\/strong>w siedzibie komisji w\u0142a\u015bciwej ze wzgl\u0119du na odbyt\u0105 aplikacj\u0119 radcowsk\u0105. Wniosek nale\u017cy z\u0142o\u017cy\u0107 osobi\u015bcie w Dziale Aplikacji lub przes\u0142a\u0107 poczt\u0105 na adres: ul. \u017bytnia 15 lok. 16, 01-014 Warszawa<strong>.<\/strong><\/li>\n<\/ul>\n\n\n\n<p><strong>Osoby, kt\u00f3re odby\u0142y aplikacj\u0119 radcowsk\u0105&nbsp;<\/strong>do wniosku (wz\u00f3r w za\u0142\u0105czeniu), do\u0142\u0105czaj\u0105 orygina\u0142 dowodu uiszczenia op\u0142aty za egzamin radcowski (w przypadku wydruku z systemu bankowo\u015bci elektronicznej nale\u017cy z\u0142o\u017cy\u0107&nbsp;<strong>wydruk potwierdzenia przelewu<\/strong>, <strong>a nie wydruk potwierdzenia p\u0142atno\u015bci zleconej do realizacji.<\/strong> Za\u015bwiadczenie o odbyciu aplikacji zosta\u0142o do\u0142\u0105czone do Pa\u0144stwa akt.<\/p>\n\n\n\n<p><strong>Osoby, o kt\u00f3rych mowa w art. 25 ust. 2 ustawy o radcach prawnych&nbsp;<\/strong>do wniosku (wz\u00f3r w za\u0142\u0105czeniu) do\u0142\u0105czaj\u0105:<\/p>\n\n\n\n<ol class=\"wp-block-list\">\n<li>kwestionariusz osobowy na formularzu udost\u0119pnionym w za\u0142\u0105czeniu,<\/li>\n\n\n\n<li>\u017cyciorys w formie tradycyjnej lub CV (podpisany odr\u0119cznie),<\/li>\n\n\n\n<li>orygina\u0142 dowodu uiszczenia op\u0142aty za egzamin radcowski (w przypadku wydruku z systemu bankowo\u015bci elektronicznej nale\u017cy z\u0142o\u017cy\u0107&nbsp;<strong>wydruk potwierdzenia przelewu<\/strong>, <strong>a nie wydruk potwierdzenia p\u0142atno\u015bci zleconej do realizacji<\/strong>),<\/li>\n\n\n\n<li>3 zdj\u0119cia zgodnie z wymaganiami obowi\u0105zuj\u0105cymi przy wydawaniu dowod\u00f3w osobistych,<\/li>\n\n\n\n<li>kopi\u0119 dokumentu potwierdzaj\u0105cego uko\u0144czenie wy\u017cszych studi\u00f3w prawniczych w&nbsp;Rzeczypospolitej Polskiej i uzyskanie tytu\u0142u magistra lub zagranicznych studi\u00f3w prawniczych uznanych w Rzeczypospolitej Polskiej<\/li>\n<\/ol>\n\n\n\n<p>oraz dokumenty wykazuj\u0105ce do\u015bwiadczenie zawodowe, odpowiednio:<\/p>\n\n\n\n<ol class=\"wp-block-list\">\n<li>dokument za\u015bwiadczaj\u0105cy uzyskanie stopnia naukowego doktora nauk prawnych Zgodnie z <strong>\u00a7&nbsp; 5 ust. 1 pkt 1- 3 <\/strong>rozporz\u0105dzenia Ministra Sprawiedliwo\u015bci z dnia 17 grudnia 2013 r. (Dz.U. z 2025 r. poz. 1197) dokumentem tym jest uchwa\u0142a rady jednostki organizacyjnej, o kt\u00f3rej mowa w art. 4 pkt. 4 ustawy z dnia 14 marca 2003 r. o stopniach naukowych i tytule naukowym oraz o stopniach i tytule w zakresie sztuki (Dz. U. z 2017 r. poz. 1789), o nadaniu stopnia naukowego doktora nauk prawnych,  dokument stwierdzaj\u0105cy nadanie stopnia naukowego doktora nauk prawnych za granic\u0105 oraz jego uwierzytelnione t\u0142umaczenie na j\u0119zyk polski &#8211; w przypadku uzyskania za granic\u0105 stopnia naukowego doktora nauk prawnych, o kt\u00f3rym mowa w art. 24 ust. 1 i 4 ustawy z dnia 14 marca 2003 r. o stopniach naukowych i tytule naukowym oraz o stopniach i tytule w zakresie sztuki, dokument stwierdzaj\u0105cy nadanie stopnia naukowego doktora nauk prawnych za granic\u0105 uznanego za r\u00f3wnowa\u017cny z odpowiednim polskim stopniem naukowym na podstawie umowy mi\u0119dzynarodowej, a w przypadku jej braku &#8211; w drodze nostryfikacji, oraz uwierzytelnione t\u0142umaczenie tego dokumentu na j\u0119zyk polski.<\/li>\n\n\n\n<li>dokumenty za\u015bwiadczaj\u0105ce co najmniej 4-letni okres zatrudnienia, o kt\u00f3rym mowa w&nbsp;art. 25 ust. 2 pkt 2, na stanowiskach referendarza s\u0105dowego, starszego referendarza s\u0105dowego, asystenta prokuratora lub asystenta s\u0119dziego, a w przypadku os\u00f3b, kt\u00f3re by\u0142y zatrudnione w S\u0105dzie Najwy\u017cszym, Trybunale Konstytucyjnym lub w mi\u0119dzynarodowym organie s\u0105dowym, w szczeg\u00f3lno\u015bci w Trybunale Sprawiedliwo\u015bci Unii Europejskiej lub Europejskim Trybunale Praw Cz\u0142owieka i wykonywa\u0142y zadania odpowiadaj\u0105ce czynno\u015bciom asystenta s\u0119dziego \u2013 r\u00f3wnie\u017c dokumenty okre\u015blaj\u0105ce zakres ich obowi\u0105zk\u00f3w. Zgodnie z <strong>\u00a7&nbsp; 5 ust. 2 pkt 1-2 <\/strong>rozporz\u0105dzenia Ministra Sprawiedliwo\u015bci z dnia 17 grudnia 2013 r. (Dz.U. z 2025 r. poz.1197) dokumentem tym jest \u015bwiadectwo pracy lub za\u015bwiadczenie o zatrudnieniu, stwierdzaj\u0105ce co najmniej 4-letni okres zatrudnienia na ww. zatrudnienie.<\/li>\n\n\n\n<li>dokumenty za\u015bwiadczaj\u0105ce co najmniej 4-letni okres wykonywania na podstawie umowy o prac\u0119 lub um\u00f3w cywilnoprawnych wymagaj\u0105cych wiedzy prawniczej czynno\u015bci bezpo\u015brednio zwi\u0105zanych ze \u015bwiadczeniem pomocy prawnej przez radc\u0119 prawnego lub adwokata w kancelarii radcy prawnego, sp\u00f3\u0142ce cywilnej, jawnej, partnerskiej, komandytowej, komandytowo-akcyjnej, o kt\u00f3rych mowa w art. 8 ust. 1 ustawy o radcach prawnych lub kancelarii adwokackiej, zespole adwokackim, sp\u00f3\u0142ce cywilnej, jawnej, partnerskiej, komandytowej, komandytowo-akcyjnej, o kt\u00f3rych mowa w art. 4a ust. 1 ustawy z dnia 26 maja 1982&nbsp;r. \u2013 Prawo o adwokaturze. Zgodnie z <strong>\u00a7&nbsp; 5 ust. 3 <\/strong>rozporz\u0105dzenia Ministra Sprawiedliwo\u015bci z dnia 17 grudnia 2013 r. (Dz.U. z 2025 r. poz.1197) dokumentami s\u0105 \u015bwiadectwo pracy lub za\u015bwiadczenie o zatrudnieniu wskazanym&nbsp; albo umowy cywilnoprawne, stwierdzaj\u0105ce co najmniej 4-letni okres wykonywania wymagaj\u0105cych wiedzy prawniczej czynno\u015bci bezpo\u015brednio zwi\u0105zanych ze \u015bwiadczeniem pomocy prawnej przez radc\u0119 prawnego lub adwokata ww. kancelariach wraz z o\u015bwiadczeniem, \u017ce osoba przyst\u0119puj\u0105ca do egzaminu radcowskiego nie zalega z op\u0142acaniem podatk\u00f3w, lub o\u015bwiadczeniem, \u017ce uzyska\u0142a przewidziane prawem zwolnienie, odroczenie lub roz\u0142o\u017cenie na raty zaleg\u0142ych p\u0142atno\u015bci lub wstrzymanie w ca\u0142o\u015bci wykonania decyzji w\u0142a\u015bciwego organu.<\/li>\n\n\n\n<li>dokumenty za\u015bwiadczaj\u0105ce co najmniej 4-letni okres zatrudnienia w urz\u0119dach organ\u00f3w w\u0142adzy publicznej i wykonywania wymagaj\u0105cych wiedzy prawniczej czynno\u015bci bezpo\u015brednio zwi\u0105zanych ze \u015bwiadczeniem pomocy prawnej na rzecz tych urz\u0119d\u00f3w. Zgodnie z <strong>\u00a7&nbsp; 5 ust. 4 i 5 <\/strong>rozporz\u0105dzenia Ministra Sprawiedliwo\u015bci z dnia 17 grudnia 2013&nbsp;r. (Dz.U. z 2025 r. poz.1197) dokumentem tym jest \u015bwiadectwo pracy lub za\u015bwiadczenie o zatrudnieniu, stwierdzaj\u0105ce co najmniej 4-letni okres zatrudnienia w urz\u0119dach organ\u00f3w w\u0142adzy publicznej i wykonywania wymagaj\u0105cych wiedzy prawniczej czynno\u015bci bezpo\u015brednio zwi\u0105zanych ze \u015bwiadczeniem pomocy prawnej na rzecz tych urz\u0119d\u00f3w. &nbsp;Je\u017celi z dokument\u00f3w, o kt\u00f3rych mowa powy\u017cej, nie wynika rodzaj wykonywanych czynno\u015bci, nale\u017cy do\u0142\u0105czy\u0107 za\u015bwiadczenie pracodawcy o zakresie obowi\u0105zk\u00f3w lub opis stanowiska.<\/li>\n\n\n\n<li>dokument za\u015bwiadczaj\u0105cy o uko\u0144czeniu aplikacji legislacyjnej oraz dokumenty za\u015bwiadczaj\u0105ce co najmniej 4 \u2013 letni okres zatrudnienia w urz\u0119dach organ\u00f3w w\u0142adzy publicznej lub w pa\u0144stwowych jednostkach organizacyjnych i wykonywania wymagaj\u0105cych wiedzy prawniczej czynno\u015bci bezpo\u015brednio zwi\u0105zanych z tworzeniem projekt\u00f3w ustaw, rozporz\u0105dze\u0144 lub akt\u00f3w prawa miejscowego. Zgodnie z <strong>\u00a7&nbsp; 5 ust. 6 <\/strong>rozporz\u0105dzenia Ministra Sprawiedliwo\u015bci z dnia 17 grudnia 2013&nbsp;r. (Dz.U. z 2025 r. poz.1197) dokumentem tym jest za\u015bwiadczenie o uko\u0144czeniu aplikacji legislacyjnej oraz \u015bwiadectwo pracy lub za\u015bwiadczenie o zatrudnieniu stwierdzaj\u0105ce co najmniej 4-letni okres zatrudnienia w urz\u0119dach organ\u00f3w w\u0142adzy publicznej lub w pa\u0144stwowych jednostkach organizacyjnych i wykonywania wymagaj\u0105cych wiedzy prawniczej czynno\u015bci bezpo\u015brednio zwi\u0105zanych z tworzeniem projekt\u00f3w ustaw, rozporz\u0105dze\u0144 lub akt\u00f3w prawa miejscowego.<\/li>\n\n\n\n<li>dokument za\u015bwiadczaj\u0105cy uzyskanie pozytywnego wyniku z egzaminu s\u0119dziowskiego, prokuratorskiego, notarialnego lub komorniczego. Zgodnie z <strong>\u00a7&nbsp; 5 ust. 7 <\/strong>rozporz\u0105dzenia Ministra Sprawiedliwo\u015bci z dnia 17 grudnia 2013&nbsp;r. (Dz.U. z 2025 r. poz.1197) dokumentem tym jest uchwa\u0142a, dyplom uko\u0144czenia aplikacji lub za\u015bwiadczenie, stwierdzaj\u0105ce pozytywny wynik egzaminu s\u0119dziowskiego, prokuratorskiego, notarialnego lub komorniczego.<\/li>\n\n\n\n<li>dokumenty potwierdzaj\u0105ce zatrudnienie na stanowisku radcy Prokuratorii Generalnej Rzeczypospolitej Polskiej. Zgodnie z <strong>\u00a7&nbsp; 5 ust. 7 <\/strong>rozporz\u0105dzenia Ministra Sprawiedliwo\u015bci z dnia 17 grudnia 2013&nbsp;r. (Dz.U. z 2025 r. poz.1197) dokumentem tym jest za\u015bwiadczenie o zatrudnieniu na stanowisku radcy lub starszego radcy Prokuratorii Generalnej Skarbu Pa\u0144stwa.<\/li>\n<\/ol>\n\n\n\n<p>Dokumenty po\u015bwiadczaj\u0105ce do\u015bwiadczenie zawodowe podpisane podpisem kwalifikowanym nale\u017cy z\u0142o\u017cy\u0107 r\u00f3wnie\u017c w wersji elektronicznej na p\u0142ycie CD lub pendrive.<\/p>\n\n\n\n<p>W przypadku os\u00f3b przyst\u0119puj\u0105cych do egzaminu radcowskiego:<\/p>\n\n\n\n<ul class=\"wp-block-list\">\n<li>po odbyciu aplikacji radcowskiej, kt\u00f3re zmieni\u0142y nazwisko po uko\u0144czeniu aplikacji i nie zaktualizowa\u0142y danych w systemie<\/li>\n<\/ul>\n\n\n\n<p>oraz<\/p>\n\n\n\n<ul class=\"wp-block-list\">\n<li>na podstawie art. 25 ust. 2 ustawy o radcach prawnych, kt\u00f3re zmieni\u0142y nazwisko po uzyskaniu dyplomu uko\u0144czenia studi\u00f3w wy\u017cszych,<\/li>\n<\/ul>\n\n\n\n<p>nale\u017cy przed\u0142o\u017cy\u0107 do wgl\u0105du&nbsp;<strong>orygina\u0142 wydanego odpisu skr\u00f3conego aktu ma\u0142\u017ce\u0144stwa&nbsp;<\/strong>oraz&nbsp;<strong>o\u015bwiadczenie o zmianie nazwiska&nbsp;<\/strong>(w za\u0142\u0105czeniu).<\/p>\n\n\n\n<div data-wp-interactive=\"core\/file\" class=\"wp-block-file\"><object data-wp-bind--hidden=\"!state.hasPdfPreview\" hidden class=\"wp-block-file__embed\" data=\"https:\/\/www.egzaminradcowski.pl\/wp-content\/uploads\/2026\/01\/wniosek-o-dopuszczenie-do-ER-dla-osob-z-art-25-ust-2-uorp.pdf\" type=\"application\/pdf\" style=\"width:100%;height:600px\" aria-label=\"Osadzone z wniosek o dopuszczenie do ER dla osob z art 25 ust 2 uorp.\"><\/object><a id=\"wp-block-file--media-c56014d9-e87c-44c5-880e-0bcc11cb2fc3\" href=\"https:\/\/www.egzaminradcowski.pl\/wp-content\/uploads\/2026\/01\/wniosek-o-dopuszczenie-do-ER-dla-osob-z-art-25-ust-2-uorp.pdf\">wniosek o dopuszczenie do ER dla osob z art 25 ust 2 uorp<\/a><a href=\"https:\/\/www.egzaminradcowski.pl\/wp-content\/uploads\/2026\/01\/wniosek-o-dopuszczenie-do-ER-dla-osob-z-art-25-ust-2-uorp.pdf\" class=\"wp-block-file__button wp-element-button\" download aria-describedby=\"wp-block-file--media-c56014d9-e87c-44c5-880e-0bcc11cb2fc3\">Pobierz<\/a><\/div>\n\n\n\n<div class=\"wp-block-group\"><div class=\"wp-block-group__inner-container is-layout-constrained wp-block-group-is-layout-constrained\">\n<div data-wp-interactive=\"core\/file\" class=\"wp-block-file\"><object data-wp-bind--hidden=\"!state.hasPdfPreview\" hidden class=\"wp-block-file__embed\" data=\"https:\/\/www.egzaminradcowski.pl\/wp-content\/uploads\/2026\/01\/wniosek-o-dopuszczenie-do-ER-dla-osob-po-aplikacji-radcowskiej.pdf\" type=\"application\/pdf\" style=\"width:100%;height:600px\" aria-label=\"Osadzone z wniosek o dopuszczenie do ER dla osob po aplikacji radcowskiej.\"><\/object><a id=\"wp-block-file--media-78911fb4-7d4b-42b9-9e0b-ec97920575da\" href=\"https:\/\/www.egzaminradcowski.pl\/wp-content\/uploads\/2026\/01\/wniosek-o-dopuszczenie-do-ER-dla-osob-po-aplikacji-radcowskiej.pdf\">wniosek o dopuszczenie do ER dla osob po aplikacji radcowskiej<\/a><a href=\"https:\/\/www.egzaminradcowski.pl\/wp-content\/uploads\/2026\/01\/wniosek-o-dopuszczenie-do-ER-dla-osob-po-aplikacji-radcowskiej.pdf\" class=\"wp-block-file__button wp-element-button\" download aria-describedby=\"wp-block-file--media-78911fb4-7d4b-42b9-9e0b-ec97920575da\">Pobierz<\/a><\/div>\n<\/div><\/div>\n\n\n\n<div data-wp-interactive=\"core\/file\" class=\"wp-block-file\"><object data-wp-bind--hidden=\"!state.hasPdfPreview\" hidden class=\"wp-block-file__embed\" data=\"https:\/\/www.egzaminradcowski.pl\/wp-content\/uploads\/2026\/01\/Kwestionariusz-osobowy-2026-dla-osob-z-art-25-ust-2-uorp-2.pdf\" type=\"application\/pdf\" style=\"width:100%;height:600px\" aria-label=\"Osadzone z Kwestionariusz osobowy 2026 dla os\u00f3b z art 25 ust 2 uorp.\"><\/object><a id=\"wp-block-file--media-3eff10d2-da82-4488-8993-88266b22dc41\" href=\"https:\/\/www.egzaminradcowski.pl\/wp-content\/uploads\/2026\/01\/Kwestionariusz-osobowy-2026-dla-osob-z-art-25-ust-2-uorp-2.pdf\">Kwestionariusz osobowy 2026 dla os\u00f3b z art 25 ust 2 uorp<\/a><a href=\"https:\/\/www.egzaminradcowski.pl\/wp-content\/uploads\/2026\/01\/Kwestionariusz-osobowy-2026-dla-osob-z-art-25-ust-2-uorp-2.pdf\" class=\"wp-block-file__button wp-element-button\" download aria-describedby=\"wp-block-file--media-3eff10d2-da82-4488-8993-88266b22dc41\">Pobierz<\/a><\/div>\n\n\n\n<details class=\"wp-block-details is-layout-flow wp-block-details-is-layout-flow\"><summary><\/summary>\n<div data-wp-interactive=\"core\/file\" class=\"wp-block-file\"><object data-wp-bind--hidden=\"!state.hasPdfPreview\" hidden class=\"wp-block-file__embed\" data=\"https:\/\/www.egzaminradcowski.pl\/wp-content\/uploads\/2026\/01\/Wniosek-o-dopuszczenie-do-ER-dla-osob-z-art-25-ust-2-uorp-1.pdf\" type=\"application\/pdf\" style=\"width:100%;height:600px\" aria-label=\"Osadzone z Wniosek o dopuszczenie do ER dla osob z art 25 ust 2 uorp..\"><\/object><a id=\"wp-block-file--media-b390c8af-844d-4cdc-92e0-b596e381103a\" href=\"https:\/\/www.egzaminradcowski.pl\/wp-content\/uploads\/2026\/01\/Wniosek-o-dopuszczenie-do-ER-dla-osob-z-art-25-ust-2-uorp-1.pdf\">Wniosek o dopuszczenie do ER dla osob z art 25 ust 2 uorp.<\/a><a href=\"https:\/\/www.egzaminradcowski.pl\/wp-content\/uploads\/2026\/01\/Wniosek-o-dopuszczenie-do-ER-dla-osob-z-art-25-ust-2-uorp-1.pdf\" class=\"wp-block-file__button wp-element-button\" download aria-describedby=\"wp-block-file--media-b390c8af-844d-4cdc-92e0-b596e381103a\">Pobierz<\/a><\/div>\n<\/details>\n\n\n\n<div data-wp-interactive=\"core\/file\" class=\"wp-block-file\"><object data-wp-bind--hidden=\"!state.hasPdfPreview\" hidden class=\"wp-block-file__embed\" data=\"https:\/\/www.egzaminradcowski.pl\/wp-content\/uploads\/2026\/01\/Oswiadczenie_zmiana-imienia_nazwiska-1.pdf\" type=\"application\/pdf\" style=\"width:100%;height:600px\" aria-label=\"Osadzone z O\u015bwiadczenie_zmiana-imienia_nazwiska.\"><\/object><a id=\"wp-block-file--media-fe9f99db-1f90-4980-8ad5-27eaacd8a812\" href=\"https:\/\/www.egzaminradcowski.pl\/wp-content\/uploads\/2026\/01\/Oswiadczenie_zmiana-imienia_nazwiska-1.pdf\">O\u015bwiadczenie_zmiana-imienia_nazwiska<\/a><a href=\"https:\/\/www.egzaminradcowski.pl\/wp-content\/uploads\/2026\/01\/Oswiadczenie_zmiana-imienia_nazwiska-1.pdf\" class=\"wp-block-file__button wp-element-button\" download aria-describedby=\"wp-block-file--media-fe9f99db-1f90-4980-8ad5-27eaacd8a812\">Pobierz<\/a><\/div>\n\n\n\n<p><\/p>\n","protected":false},"excerpt":{"rendered":"<p>Wnioski o dopuszczenie do egzaminu radcowskiego wraz z wymaganymi dokumentami nale\u017cy sk\u0142ada\u0107 w terminach: Osoby, kt\u00f3re odby\u0142y aplikacj\u0119 radcowsk\u0105&nbsp;do wniosku (wz\u00f3r w za\u0142\u0105czeniu), do\u0142\u0105czaj\u0105 orygina\u0142 dowodu uiszczenia op\u0142aty za egzamin radcowski (w przypadku wydruku z systemu bankowo\u015bci elektronicznej nale\u017cy z\u0142o\u017cy\u0107&nbsp;wydruk potwierdzenia przelewu, a nie wydruk potwierdzenia p\u0142atno\u015bci zleconej do realizacji. Za\u015bwiadczenie o odbyciu aplikacji zosta\u0142o [&hellip;]<\/p>\n","protected":false},"author":7,"featured_media":0,"comment_status":"closed","ping_status":"closed","sticky":false,"template":"","format":"standard","meta":{"footnotes":""},"categories":[2],"tags":[],"class_list":["post-1038","post","type-post","status-publish","format-standard","hentry","category-aktualnosci"],"_links":{"self":[{"href":"https:\/\/www.egzaminradcowski.pl\/index.php?rest_route=\/wp\/v2\/posts\/1038","targetHints":{"allow":["GET"]}}],"collection":[{"href":"https:\/\/www.egzaminradcowski.pl\/index.php?rest_route=\/wp\/v2\/posts"}],"about":[{"href":"https:\/\/www.egzaminradcowski.pl\/index.php?rest_route=\/wp\/v2\/types\/post"}],"author":[{"embeddable":true,"href":"https:\/\/www.egzaminradcowski.pl\/index.php?rest_route=\/wp\/v2\/users\/7"}],"replies":[{"embeddable":true,"href":"https:\/\/www.egzaminradcowski.pl\/index.php?rest_route=%2Fwp%2Fv2%2Fcomments&post=1038"}],"version-history":[{"count":8,"href":"https:\/\/www.egzaminradcowski.pl\/index.php?rest_route=\/wp\/v2\/posts\/1038\/revisions"}],"predecessor-version":[{"id":1069,"href":"https:\/\/www.egzaminradcowski.pl\/index.php?rest_route=\/wp\/v2\/posts\/1038\/revisions\/1069"}],"wp:attachment":[{"href":"https:\/\/www.egzaminradcowski.pl\/index.php?rest_route=%2Fwp%2Fv2%2Fmedia&parent=1038"}],"wp:term":[{"taxonomy":"category","embeddable":true,"href":"https:\/\/www.egzaminradcowski.pl\/index.php?rest_route=%2Fwp%2Fv2%2Fcategories&post=1038"},{"taxonomy":"post_tag","embeddable":true,"href":"https:\/\/www.egzaminradcowski.pl\/index.php?rest_route=%2Fwp%2Fv2%2Ftags&post=1038"}],"curies":[{"name":"wp","href":"https:\/\/api.w.org\/{rel}","templated":true}]}}